{"id":1099,"date":"2017-02-14T14:31:44","date_gmt":"2017-02-14T13:31:44","guid":{"rendered":"http:\/\/localhost\/wordpress\/?post_type=news&#038;p=1099"},"modified":"2017-12-08T13:15:07","modified_gmt":"2017-12-08T12:15:07","slug":"1099","status":"publish","type":"news","link":"http:\/\/iskan.gov.mr\/index.php\/news\/1099\/","title":{"rendered":"Le coup d&rsquo;envoi du lancement du projet d&rsquo;extension et de modernisation de la ville de N&rsquo;Beika."},"content":{"rendered":"<div id='agenda'>\nN&rsquo;Beika,  16\/11\/2016  &#8211;  Le Pr\u00e9sident de la R\u00e9publique, Monsieur Mohamed Ould Abdel Aziz, a donn\u00e9 mercredi, dans le cadre de le deuxi\u00e8me \u00e9tape de sa visite au Tagant, le coup d&rsquo;envoi du lancement du projet d&rsquo;extension et de modernisation de la ville de N&rsquo;Beika.<\/p>\n<p>Cette extension permettra d&rsquo;am\u00e9nager une zone d&rsquo;habitat, dot\u00e9e de r\u00e9seaux d&rsquo;eau et d&rsquo;\u00e9lectricit\u00e9, de 3689 parcelles destin\u00e9es aux habitations et 256 autres pour le commerce en plus de 51 r\u00e9serves fonci\u00e8res devant servir aux installations et \u00e0 12 places publiques.<\/p>\n<p>Le Chef de l&rsquo;Etat a pu suivre les explications fournies par les pancartes de cet important projet dont les travaux se poursuivront 12 mois durant. Il a \u00e9galement \u00e9cout\u00e9 des commentaires sur ses composantes, ses objectifs et sa contribution dans l&rsquo;am\u00e9lioration des conditions de vie des populations.<\/p>\n<p>Le Pr\u00e9sident de la R\u00e9publique a \u00e9t\u00e9 accueilli \u00e0 son arriv\u00e9e par la ministre de l&rsquo;habitat, de l&rsquo;urbanisme et de l&rsquo;am\u00e9nagement du territoire, Mme Amal Mint Maouloud et par le directeur g\u00e9n\u00e9ral de la soci\u00e9t\u00e9 Nationale \u00ab\u00a0Iskane\u00a0\u00bb, M. Mohamed Mahmoud Ould Jaafar.<\/p>\n<\/div>\n","protected":false},"excerpt":{"rendered":"<p>N&rsquo;Beika,  16\/11\/2016  &#8211;  Le Pr\u00e9sident de la R\u00e9publique, Monsieur Mohamed Ould Abdel Aziz, a donn\u00e9 mercredi, dans le cadre de le deuxi\u00e8me \u00e9tape de sa visite au Tagant, le coup d&rsquo;envoi du lancement du projet d&rsquo;extension et de modernisation de la ville de N&rsquo;Beika.<\/p>\n","protected":false},"author":1,"featured_media":2365,"comment_status":"open","ping_status":"closed","template":"","tags":[12],"news-category":[10],"_links":{"self":[{"href":"http:\/\/iskan.gov.mr\/index.php\/wp-json\/wp\/v2\/news\/1099"}],"collection":[{"href":"http:\/\/iskan.gov.mr\/index.php\/wp-json\/wp\/v2\/news"}],"about":[{"href":"http:\/\/iskan.gov.mr\/index.php\/wp-json\/wp\/v2\/types\/news"}],"author":[{"embeddable":true,"href":"http:\/\/iskan.gov.mr\/index.php\/wp-json\/wp\/v2\/users\/1"}],"replies":[{"embeddable":true,"href":"http:\/\/iskan.gov.mr\/index.php\/wp-json\/wp\/v2\/comments?post=1099"}],"version-history":[{"count":1,"href":"http:\/\/iskan.gov.mr\/index.php\/wp-json\/wp\/v2\/news\/1099\/revisions"}],"predecessor-version":[{"id":1907,"href":"http:\/\/iskan.gov.mr\/index.php\/wp-json\/wp\/v2\/news\/1099\/revisions\/1907"}],"wp:featuredmedia":[{"embeddable":true,"href":"http:\/\/iskan.gov.mr\/index.php\/wp-json\/wp\/v2\/media\/2365"}],"wp:attachment":[{"href":"http:\/\/iskan.gov.mr\/index.php\/wp-json\/wp\/v2\/media?parent=1099"}],"wp:term":[{"taxonomy":"post_tag","embeddable":true,"href":"http:\/\/iskan.gov.mr\/index.php\/wp-json\/wp\/v2\/tags?post=1099"},{"taxonomy":"news-category","embeddable":true,"href":"http:\/\/iskan.gov.mr\/index.php\/wp-json\/wp\/v2\/news-category?post=1099"}],"curies":[{"name":"wp","href":"https:\/\/api.w.org\/{rel}","templated":true}]}}