{"id":2778,"date":"2018-05-08T16:11:39","date_gmt":"2018-05-08T14:11:39","guid":{"rendered":"http:\/\/iskan.gov.mr\/?p=2778"},"modified":"2018-05-11T11:25:14","modified_gmt":"2018-05-11T09:25:14","slug":"remise-des-cles-dinfrastructures-scolaires-dans-les-mouguataas-de-boutilimit-bababe-et-mbane","status":"publish","type":"post","link":"http:\/\/iskan.gov.mr\/index.php\/2018\/05\/08\/remise-des-cles-dinfrastructures-scolaires-dans-les-mouguataas-de-boutilimit-bababe-et-mbane\/","title":{"rendered":"Remise des cl\u00e9s d&rsquo;infrastructures scolaires dans les Mouguataas de Boutilimit, Bababe et Mbane"},"content":{"rendered":"<p>Le directeur g\u00e9n\u00e9ral de la soci\u00e9t\u00e9 nationale ISKAN, <strong> M.Mohamed Mahmoud ould Jaafar<\/strong> accompagn\u00e9 du directeur g\u00e9n\u00e9ral du b\u00e2timent  au Minist\u00e8re  de l&rsquo;Habitat, de l&rsquo;Urbanisme et de l&rsquo;Am\u00e9nagement du Territoire M.Gueye Moussa ainsi que le directeur des infrastructures au Minist\u00e8re de l&rsquo;Education Nationale M.Vali ould Najim ont supervis\u00e9  la remise des cl\u00e9s d&rsquo;infrastructures scolaires (\u00e9coles),  dans les Moguataas de Boutilimit, Bababe,et Mbane dans le cadre de la composante ISKAN du programme  d&rsquo;acc\u00e8s et d&rsquo;am\u00e9lioration de la qualit\u00e9 de l&rsquo;\u00e9ducation PAAQUE II<br \/>\n<\/br><br \/>\n<strong>Remise des cl\u00e9s d&rsquo;une \u00e9cole \u00e0 Boutilimit<\/strong><\/p>\n<table>\n<td><img decoding=\"async\" src=\"http:\/\/iskan.gov.mr\/wp-content\/uploads\/2018\/05\/20180501_122106.jpg\" alt=\"\u00e9cole moussab Boutilimit\" style=\"width:80%; text-align:center\" \/>\n<\/td>\n<td>\n<p><img decoding=\"async\" src=\"http:\/\/iskan.gov.mr\/wp-content\/uploads\/2018\/05\/20180501_122133.jpg\" alt=\"\u00e9cole moussab Boutilimit\" style=\"width:80%; text-align:center\" \/><\/p>\n<td>\n<\/table>\n<p><strong>Remise des cl\u00e9s d&rsquo;une \u00e9cole \u00e0 Bababe<\/strong><\/p>\n<table>\n<td><img decoding=\"async\" src=\"http:\/\/iskan.gov.mr\/wp-content\/uploads\/2018\/05\/20180501_175959.jpg\" alt=\"\u00e9cole moussab Boutilimit\" style=\"width:80%; text-align:center\" \/>\n<\/td>\n<td>\n<img decoding=\"async\" src=\"http:\/\/iskan.gov.mr\/wp-content\/uploads\/2018\/05\/20180501_180037.jpg\" alt=\"\u00e9cole moussab Boutilimit\" style=\"width:80%; text-align:center\" \/><\/p>\n<td>\n<\/table>\n<p><strong>Remise des cl\u00e9s d&rsquo;une \u00e9cole \u00e0 Mbane<\/strong><\/p>\n<table>\n<td><img decoding=\"async\" src=\"http:\/\/iskan.gov.mr\/wp-content\/uploads\/2018\/05\/20180501_185000.jpg\" alt=\"\u00e9cole moussab Boutilimit\" style=\"width:80%; text-align:center\" \/>\n<\/td>\n<td>\n<img decoding=\"async\" src=\"http:\/\/iskan.gov.mr\/wp-content\/uploads\/2018\/05\/20180501_185031.jpg\" alt=\"\u00e9cole moussab Boutilimit\" style=\"width:80%; text-align:center\" \/><\/p>\n<td>\n<\/table>\n","protected":false},"excerpt":{"rendered":"<p>Le directeur g\u00e9n\u00e9ral de la soci\u00e9t\u00e9 nationale ISKAN, M.Mohamed Mahmoud ould Jaafar accompagn\u00e9 du directeur g\u00e9n\u00e9ral du b\u00e2timent au Minist\u00e8re de l&rsquo;Habitat, de l&rsquo;Urbanisme et de l&rsquo;Am\u00e9nagement du Territoire M.Gueye Moussa ainsi que le directeur des infrastructures au Minist\u00e8re de l&rsquo;Education Nationale M.Vali ould Najim ont supervis\u00e9 la remise des cl\u00e9s d&rsquo;infrastructures scolaires (\u00e9coles), dans &hellip; <\/p>\n<p class=\"link-more\"><a href=\"http:\/\/iskan.gov.mr\/index.php\/2018\/05\/08\/remise-des-cles-dinfrastructures-scolaires-dans-les-mouguataas-de-boutilimit-bababe-et-mbane\/\" class=\"more-link\">Continuer la lecture<span class=\"screen-reader-text\"> de &laquo;&nbsp;Remise des cl\u00e9s d&rsquo;infrastructures scolaires dans les Mouguataas de Boutilimit, Bababe et Mbane&nbsp;&raquo;<\/span><\/a><\/p>\n","protected":false},"author":1,"featured_media":2785,"comment_status":"open","ping_status":"open","sticky":false,"template":"","format":"standard","meta":[],"categories":[1],"tags":[],"_links":{"self":[{"href":"http:\/\/iskan.gov.mr\/index.php\/wp-json\/wp\/v2\/posts\/2778"}],"collection":[{"href":"http:\/\/iskan.gov.mr\/index.php\/wp-json\/wp\/v2\/posts"}],"about":[{"href":"http:\/\/iskan.gov.mr\/index.php\/wp-json\/wp\/v2\/types\/post"}],"author":[{"embeddable":true,"href":"http:\/\/iskan.gov.mr\/index.php\/wp-json\/wp\/v2\/users\/1"}],"replies":[{"embeddable":true,"href":"http:\/\/iskan.gov.mr\/index.php\/wp-json\/wp\/v2\/comments?post=2778"}],"version-history":[{"count":4,"href":"http:\/\/iskan.gov.mr\/index.php\/wp-json\/wp\/v2\/posts\/2778\/revisions"}],"predecessor-version":[{"id":2795,"href":"http:\/\/iskan.gov.mr\/index.php\/wp-json\/wp\/v2\/posts\/2778\/revisions\/2795"}],"wp:featuredmedia":[{"embeddable":true,"href":"http:\/\/iskan.gov.mr\/index.php\/wp-json\/wp\/v2\/media\/2785"}],"wp:attachment":[{"href":"http:\/\/iskan.gov.mr\/index.php\/wp-json\/wp\/v2\/media?parent=2778"}],"wp:term":[{"taxonomy":"category","embeddable":true,"href":"http:\/\/iskan.gov.mr\/index.php\/wp-json\/wp\/v2\/categories?post=2778"},{"taxonomy":"post_tag","embeddable":true,"href":"http:\/\/iskan.gov.mr\/index.php\/wp-json\/wp\/v2\/tags?post=2778"}],"curies":[{"name":"wp","href":"https:\/\/api.w.org\/{rel}","templated":true}]}}