{"id":2801,"date":"2018-05-17T13:04:09","date_gmt":"2018-05-17T11:04:09","guid":{"rendered":"http:\/\/iskan.gov.mr\/?p=2801"},"modified":"2020-02-07T12:21:28","modified_gmt":"2020-02-07T11:21:28","slug":"voeux-de-la-direction-generale-de-la-societe-nationale-iskan-a-loccasion-du-mois-beni-du-ramadan-2018","status":"publish","type":"post","link":"http:\/\/iskan.gov.mr\/index.php\/2018\/05\/17\/voeux-de-la-direction-generale-de-la-societe-nationale-iskan-a-loccasion-du-mois-beni-du-ramadan-2018\/","title":{"rendered":"V\u0153ux de la Direction g\u00e9n\u00e9rale de la Soci\u00e9t\u00e9 nationale ISKAN \u00e0 l&rsquo;occasion du mois b\u00e9ni du Ramadan 2018"},"content":{"rendered":"<p><img decoding=\"async\" style=\"width:150%\" src=\"http:\/\/iskan.gov.mr\/wp-content\/uploads\/2018\/05\/voeux-du-directeur-general.jpg\" alt=\"voeux du directeur \" \/><\/p>\n","protected":false},"excerpt":{"rendered":"","protected":false},"author":1,"featured_media":0,"comment_status":"open","ping_status":"open","sticky":false,"template":"","format":"standard","meta":[],"categories":[16],"tags":[],"_links":{"self":[{"href":"http:\/\/iskan.gov.mr\/index.php\/wp-json\/wp\/v2\/posts\/2801"}],"collection":[{"href":"http:\/\/iskan.gov.mr\/index.php\/wp-json\/wp\/v2\/posts"}],"about":[{"href":"http:\/\/iskan.gov.mr\/index.php\/wp-json\/wp\/v2\/types\/post"}],"author":[{"embeddable":true,"href":"http:\/\/iskan.gov.mr\/index.php\/wp-json\/wp\/v2\/users\/1"}],"replies":[{"embeddable":true,"href":"http:\/\/iskan.gov.mr\/index.php\/wp-json\/wp\/v2\/comments?post=2801"}],"version-history":[{"count":4,"href":"http:\/\/iskan.gov.mr\/index.php\/wp-json\/wp\/v2\/posts\/2801\/revisions"}],"predecessor-version":[{"id":3022,"href":"http:\/\/iskan.gov.mr\/index.php\/wp-json\/wp\/v2\/posts\/2801\/revisions\/3022"}],"wp:attachment":[{"href":"http:\/\/iskan.gov.mr\/index.php\/wp-json\/wp\/v2\/media?parent=2801"}],"wp:term":[{"taxonomy":"category","embeddable":true,"href":"http:\/\/iskan.gov.mr\/index.php\/wp-json\/wp\/v2\/categories?post=2801"},{"taxonomy":"post_tag","embeddable":true,"href":"http:\/\/iskan.gov.mr\/index.php\/wp-json\/wp\/v2\/tags?post=2801"}],"curies":[{"name":"wp","href":"https:\/\/api.w.org\/{rel}","templated":true}]}}